{"id":1181,"date":"2026-03-18T12:18:31","date_gmt":"2026-03-18T15:18:31","guid":{"rendered":"https:\/\/solbonaerense.com.ar\/?p=1181"},"modified":"2026-03-18T12:19:34","modified_gmt":"2026-03-18T15:19:34","slug":"vtv-la-provincia-no-adherira-a-los-cambios-impulsados-por-nacion-y-mantendra-el-sistema-actual","status":"publish","type":"post","link":"https:\/\/solbonaerense.com.ar\/index.php\/2026\/03\/18\/vtv-la-provincia-no-adherira-a-los-cambios-impulsados-por-nacion-y-mantendra-el-sistema-actual\/","title":{"rendered":"VTV: la Provincia no adherir\u00e1 a los cambios impulsados por Naci\u00f3n y mantendr\u00e1 el sistema actual"},"content":{"rendered":"\n<p><em>La administraci\u00f3n bonaerense confirm\u00f3 que seguir\u00e1 con el esquema vigente de verificaci\u00f3n vehicular y rechaz\u00f3 las modificaciones impulsadas por el Gobierno nacional, que buscaban flexibilizar controles y ampliar prestadores.<\/em><\/p>\n\n\n\n<p>La provincia de Buenos Aires no adherir\u00e1 a los cambios en la Verificaci\u00f3n T\u00e9cnica Vehicular (VTV) impulsados por el Gobierno nacional y mantendr\u00e1 sin modificaciones el sistema actual en su territorio. La decisi\u00f3n fue confirmada por la gesti\u00f3n de Axel Kicillof en medio del avance de la reforma a nivel nacional.<\/p>\n\n\n\n<p>De esta manera, los controles seguir\u00e1n funcionando con las reglas vigentes, que establecen la obligatoriedad del tr\u00e1mite seg\u00fan la antig\u00fcedad del veh\u00edculo y con una frecuencia anual en la mayor\u00eda de los casos.<\/p>\n\n\n\n<p>La reforma impulsada por Naci\u00f3n propone cambios en los plazos de revisi\u00f3n \u2014con controles m\u00e1s espaciados\u2014 y la habilitaci\u00f3n de m\u00e1s lugares para realizar la verificaci\u00f3n, incluyendo talleres y concesionarias, con el objetivo de simplificar el tr\u00e1mite y reducir costos.<\/p>\n\n\n\n<p>En ese marco, desde la administraci\u00f3n bonaerense se\u00f1alaron que no habr\u00e1 modificaciones en el esquema provincial, por lo que la VTV continuar\u00e1 siendo obligatoria en las condiciones actuales, sin aplicar la flexibilizaci\u00f3n definida por el Ejecutivo nacional.<\/p>\n","protected":false},"excerpt":{"rendered":"<p>La administraci\u00f3n bonaerense confirm\u00f3 que seguir\u00e1 con el esquema vigente de verificaci\u00f3n vehicular y rechaz\u00f3 las modificaciones impulsadas por el Gobierno nacional, que buscaban flexibilizar controles y ampliar prestadores. La provincia de Buenos Aires no adherir\u00e1 a los cambios en la Verificaci\u00f3n T\u00e9cnica Vehicular (VTV) impulsados por el Gobierno nacional y mantendr\u00e1 sin modificaciones el [&hellip;]<\/p>\n","protected":false},"author":3,"featured_media":1184,"comment_status":"open","ping_status":"open","sticky":false,"template":"","format":"standard","meta":{"_acf_changed":false,"footnotes":""},"categories":[4],"tags":[],"coauthors":[11],"class_list":["post-1181","post","type-post","status-publish","format-standard","has-post-thumbnail","hentry","category-economia"],"acf":[],"yoast_head":"<!-- This site is optimized with the Yoast SEO plugin v25.3.1 - https:\/\/yoast.com\/wordpress\/plugins\/seo\/ -->\n<title>VTV: la Provincia no adherir\u00e1 a los cambios impulsados por Naci\u00f3n y mantendr\u00e1 el sistema actual - sol boanerense<\/title>\n<meta name=\"description\" content=\"La administraci\u00f3n bonaerense confirm\u00f3 que seguir\u00e1 con el esquema vigente de verificaci\u00f3n vehicular y rechaz\u00f3 las modificaciones impulsadas por el Gobierno nacional, que buscaban flexibilizar controles y ampliar prestadores.\" \/>\n<meta name=\"robots\" content=\"index, follow, max-snippet:-1, max-image-preview:large, max-video-preview:-1\" \/>\n<link rel=\"canonical\" href=\"https:\/\/solbonaerense.com.ar\/index.php\/2026\/03\/18\/vtv-la-provincia-no-adherira-a-los-cambios-impulsados-por-nacion-y-mantendra-el-sistema-actual\/\" \/>\n<meta property=\"og:locale\" content=\"es_ES\" \/>\n<meta property=\"og:type\" content=\"article\" \/>\n<meta property=\"og:title\" content=\"VTV: la Provincia no adherir\u00e1 a los cambios impulsados por Naci\u00f3n y mantendr\u00e1 el sistema actual - sol boanerense\" \/>\n<meta property=\"og:description\" content=\"La administraci\u00f3n bonaerense confirm\u00f3 que seguir\u00e1 con el esquema vigente de verificaci\u00f3n vehicular y rechaz\u00f3 las modificaciones impulsadas por el Gobierno nacional, que buscaban flexibilizar controles y ampliar prestadores.\" \/>\n<meta property=\"og:url\" content=\"https:\/\/solbonaerense.com.ar\/index.php\/2026\/03\/18\/vtv-la-provincia-no-adherira-a-los-cambios-impulsados-por-nacion-y-mantendra-el-sistema-actual\/\" \/>\n<meta property=\"og:site_name\" content=\"sol boanerense\" \/>\n<meta property=\"article:publisher\" content=\"https:\/\/www.facebook.com\/profile.php?id=61576291889006\" \/>\n<meta property=\"article:published_time\" content=\"2026-03-18T15:18:31+00:00\" \/>\n<meta property=\"article:modified_time\" content=\"2026-03-18T15:19:34+00:00\" \/>\n<meta property=\"og:image\" content=\"https:\/\/solbonaerense.com.ar\/wp-content\/uploads\/2026\/03\/VTV-1.jpg\" \/>\n\t<meta property=\"og:image:width\" content=\"511\" \/>\n\t<meta property=\"og:image:height\" content=\"286\" \/>\n\t<meta property=\"og:image:type\" content=\"image\/jpeg\" \/>\n<meta name=\"author\" content=\"ale germ\" \/>\n<meta name=\"twitter:card\" content=\"summary_large_image\" \/>\n<meta name=\"twitter:creator\" content=\"@solbonaerense\" \/>\n<meta name=\"twitter:site\" content=\"@solbonaerense\" \/>\n<meta name=\"twitter:label1\" content=\"Escrito por\" \/>\n\t<meta name=\"twitter:data1\" content=\"ale germ\" \/>\n\t<meta name=\"twitter:label2\" content=\"Tiempo de lectura\" \/>\n\t<meta name=\"twitter:data2\" content=\"2 minutos\" \/>\n\t<meta name=\"twitter:label3\" content=\"Written by\" \/>\n\t<meta name=\"twitter:data3\" content=\"ale germ\" \/>\n<script type=\"application\/ld+json\" class=\"yoast-schema-graph\">{\"@context\":\"https:\/\/schema.org\",\"@graph\":[{\"@type\":\"Article\",\"@id\":\"https:\/\/solbonaerense.com.ar\/index.php\/2026\/03\/18\/vtv-la-provincia-no-adherira-a-los-cambios-impulsados-por-nacion-y-mantendra-el-sistema-actual\/#article\",\"isPartOf\":{\"@id\":\"https:\/\/solbonaerense.com.ar\/index.php\/2026\/03\/18\/vtv-la-provincia-no-adherira-a-los-cambios-impulsados-por-nacion-y-mantendra-el-sistema-actual\/\"},\"author\":{\"name\":\"ale germ\",\"@id\":\"https:\/\/solbonaerense.com.ar\/#\/schema\/person\/94c62f4c1fd79afdcf0a2a72f4c596a5\"},\"headline\":\"VTV: la Provincia no adherir\u00e1 a los cambios impulsados por Naci\u00f3n y mantendr\u00e1 el sistema actual\",\"datePublished\":\"2026-03-18T15:18:31+00:00\",\"dateModified\":\"2026-03-18T15:19:34+00:00\",\"mainEntityOfPage\":{\"@id\":\"https:\/\/solbonaerense.com.ar\/index.php\/2026\/03\/18\/vtv-la-provincia-no-adherira-a-los-cambios-impulsados-por-nacion-y-mantendra-el-sistema-actual\/\"},\"wordCount\":229,\"commentCount\":0,\"publisher\":{\"@id\":\"https:\/\/solbonaerense.com.ar\/#organization\"},\"image\":{\"@id\":\"https:\/\/solbonaerense.com.ar\/index.php\/2026\/03\/18\/vtv-la-provincia-no-adherira-a-los-cambios-impulsados-por-nacion-y-mantendra-el-sistema-actual\/#primaryimage\"},\"thumbnailUrl\":\"https:\/\/solbonaerense.com.ar\/wp-content\/uploads\/2026\/03\/VTV-1.jpg\",\"articleSection\":[\"Econom\u00eda\"],\"inLanguage\":\"es-AR\",\"potentialAction\":[{\"@type\":\"CommentAction\",\"name\":\"Comment\",\"target\":[\"https:\/\/solbonaerense.com.ar\/index.php\/2026\/03\/18\/vtv-la-provincia-no-adherira-a-los-cambios-impulsados-por-nacion-y-mantendra-el-sistema-actual\/#respond\"]}]},{\"@type\":\"WebPage\",\"@id\":\"https:\/\/solbonaerense.com.ar\/index.php\/2026\/03\/18\/vtv-la-provincia-no-adherira-a-los-cambios-impulsados-por-nacion-y-mantendra-el-sistema-actual\/\",\"url\":\"https:\/\/solbonaerense.com.ar\/index.php\/2026\/03\/18\/vtv-la-provincia-no-adherira-a-los-cambios-impulsados-por-nacion-y-mantendra-el-sistema-actual\/\",\"name\":\"VTV: la Provincia no adherir\u00e1 a los cambios impulsados por Naci\u00f3n y mantendr\u00e1 el sistema actual - sol boanerense\",\"isPartOf\":{\"@id\":\"https:\/\/solbonaerense.com.ar\/#website\"},\"primaryImageOfPage\":{\"@id\":\"https:\/\/solbonaerense.com.ar\/index.php\/2026\/03\/18\/vtv-la-provincia-no-adherira-a-los-cambios-impulsados-por-nacion-y-mantendra-el-sistema-actual\/#primaryimage\"},\"image\":{\"@id\":\"https:\/\/solbonaerense.com.ar\/index.php\/2026\/03\/18\/vtv-la-provincia-no-adherira-a-los-cambios-impulsados-por-nacion-y-mantendra-el-sistema-actual\/#primaryimage\"},\"thumbnailUrl\":\"https:\/\/solbonaerense.com.ar\/wp-content\/uploads\/2026\/03\/VTV-1.jpg\",\"datePublished\":\"2026-03-18T15:18:31+00:00\",\"dateModified\":\"2026-03-18T15:19:34+00:00\",\"description\":\"La administraci\u00f3n bonaerense confirm\u00f3 que seguir\u00e1 con el esquema vigente de verificaci\u00f3n vehicular y rechaz\u00f3 las modificaciones impulsadas por el Gobierno nacional, que buscaban flexibilizar controles y ampliar prestadores.\",\"breadcrumb\":{\"@id\":\"https:\/\/solbonaerense.com.ar\/index.php\/2026\/03\/18\/vtv-la-provincia-no-adherira-a-los-cambios-impulsados-por-nacion-y-mantendra-el-sistema-actual\/#breadcrumb\"},\"inLanguage\":\"es-AR\",\"potentialAction\":[{\"@type\":\"ReadAction\",\"target\":[\"https:\/\/solbonaerense.com.ar\/index.php\/2026\/03\/18\/vtv-la-provincia-no-adherira-a-los-cambios-impulsados-por-nacion-y-mantendra-el-sistema-actual\/\"]}]},{\"@type\":\"ImageObject\",\"inLanguage\":\"es-AR\",\"@id\":\"https:\/\/solbonaerense.com.ar\/index.php\/2026\/03\/18\/vtv-la-provincia-no-adherira-a-los-cambios-impulsados-por-nacion-y-mantendra-el-sistema-actual\/#primaryimage\",\"url\":\"https:\/\/solbonaerense.com.ar\/wp-content\/uploads\/2026\/03\/VTV-1.jpg\",\"contentUrl\":\"https:\/\/solbonaerense.com.ar\/wp-content\/uploads\/2026\/03\/VTV-1.jpg\",\"width\":511,\"height\":286},{\"@type\":\"BreadcrumbList\",\"@id\":\"https:\/\/solbonaerense.com.ar\/index.php\/2026\/03\/18\/vtv-la-provincia-no-adherira-a-los-cambios-impulsados-por-nacion-y-mantendra-el-sistema-actual\/#breadcrumb\",\"itemListElement\":[{\"@type\":\"ListItem\",\"position\":1,\"name\":\"Inicio\",\"item\":\"https:\/\/solbonaerense.com.ar\/\"},{\"@type\":\"ListItem\",\"position\":2,\"name\":\"VTV: la Provincia no adherir\u00e1 a los cambios impulsados por Naci\u00f3n y mantendr\u00e1 el sistema actual\"}]},{\"@type\":\"WebSite\",\"@id\":\"https:\/\/solbonaerense.com.ar\/#website\",\"url\":\"https:\/\/solbonaerense.com.ar\/\",\"name\":\"El Sol bonaerense\",\"description\":\"\",\"publisher\":{\"@id\":\"https:\/\/solbonaerense.com.ar\/#organization\"},\"alternateName\":\"Sol bonaerense\",\"potentialAction\":[{\"@type\":\"SearchAction\",\"target\":{\"@type\":\"EntryPoint\",\"urlTemplate\":\"https:\/\/solbonaerense.com.ar\/?s={search_term_string}\"},\"query-input\":{\"@type\":\"PropertyValueSpecification\",\"valueRequired\":true,\"valueName\":\"search_term_string\"}}],\"inLanguage\":\"es-AR\"},{\"@type\":\"Organization\",\"@id\":\"https:\/\/solbonaerense.com.ar\/#organization\",\"name\":\"El Sol bonaerense\",\"alternateName\":\"El Sol bonaerense\",\"url\":\"https:\/\/solbonaerense.com.ar\/\",\"logo\":{\"@type\":\"ImageObject\",\"inLanguage\":\"es-AR\",\"@id\":\"https:\/\/solbonaerense.com.ar\/#\/schema\/logo\/image\/\",\"url\":\"https:\/\/solbonaerense.com.ar\/wp-content\/uploads\/2025\/06\/cropped-el-sol-boanerense-ico-1.png\",\"contentUrl\":\"https:\/\/solbonaerense.com.ar\/wp-content\/uploads\/2025\/06\/cropped-el-sol-boanerense-ico-1.png\",\"width\":512,\"height\":512,\"caption\":\"El Sol bonaerense\"},\"image\":{\"@id\":\"https:\/\/solbonaerense.com.ar\/#\/schema\/logo\/image\/\"},\"sameAs\":[\"https:\/\/www.facebook.com\/profile.php?id=61576291889006\",\"https:\/\/x.com\/solbonaerense\",\"https:\/\/www.instagram.com\/solbonaerense\/\"]},{\"@type\":\"Person\",\"@id\":\"https:\/\/solbonaerense.com.ar\/#\/schema\/person\/94c62f4c1fd79afdcf0a2a72f4c596a5\",\"name\":\"ale germ\",\"image\":{\"@type\":\"ImageObject\",\"inLanguage\":\"es-AR\",\"@id\":\"https:\/\/solbonaerense.com.ar\/#\/schema\/person\/image\/23eab9373cb14c272e88250e613c01ee\",\"url\":\"https:\/\/secure.gravatar.com\/avatar\/de154b589a40f49bf66e0c78cadf5e38901548f7e9cd217174c4587da34e3aec?s=96&d=mm&r=g\",\"contentUrl\":\"https:\/\/secure.gravatar.com\/avatar\/de154b589a40f49bf66e0c78cadf5e38901548f7e9cd217174c4587da34e3aec?s=96&d=mm&r=g\",\"caption\":\"ale germ\"}}]}<\/script>\n<!-- \/ Yoast SEO plugin. -->","yoast_head_json":{"title":"VTV: la Provincia no adherir\u00e1 a los cambios impulsados por Naci\u00f3n y mantendr\u00e1 el sistema actual - sol boanerense","description":"La administraci\u00f3n bonaerense confirm\u00f3 que seguir\u00e1 con el esquema vigente de verificaci\u00f3n vehicular y rechaz\u00f3 las modificaciones impulsadas por el Gobierno nacional, que buscaban flexibilizar controles y ampliar prestadores.","robots":{"index":"index","follow":"follow","max-snippet":"max-snippet:-1","max-image-preview":"max-image-preview:large","max-video-preview":"max-video-preview:-1"},"canonical":"https:\/\/solbonaerense.com.ar\/index.php\/2026\/03\/18\/vtv-la-provincia-no-adherira-a-los-cambios-impulsados-por-nacion-y-mantendra-el-sistema-actual\/","og_locale":"es_ES","og_type":"article","og_title":"VTV: la Provincia no adherir\u00e1 a los cambios impulsados por Naci\u00f3n y mantendr\u00e1 el sistema actual - sol boanerense","og_description":"La administraci\u00f3n bonaerense confirm\u00f3 que seguir\u00e1 con el esquema vigente de verificaci\u00f3n vehicular y rechaz\u00f3 las modificaciones impulsadas por el Gobierno nacional, que buscaban flexibilizar controles y ampliar prestadores.","og_url":"https:\/\/solbonaerense.com.ar\/index.php\/2026\/03\/18\/vtv-la-provincia-no-adherira-a-los-cambios-impulsados-por-nacion-y-mantendra-el-sistema-actual\/","og_site_name":"sol boanerense","article_publisher":"https:\/\/www.facebook.com\/profile.php?id=61576291889006","article_published_time":"2026-03-18T15:18:31+00:00","article_modified_time":"2026-03-18T15:19:34+00:00","og_image":[{"width":511,"height":286,"url":"https:\/\/solbonaerense.com.ar\/wp-content\/uploads\/2026\/03\/VTV-1.jpg","type":"image\/jpeg"}],"author":"ale germ","twitter_card":"summary_large_image","twitter_creator":"@solbonaerense","twitter_site":"@solbonaerense","twitter_misc":{"Escrito por":"ale germ","Tiempo de lectura":"2 minutos","Written by":"ale germ"},"schema":{"@context":"https:\/\/schema.org","@graph":[{"@type":"Article","@id":"https:\/\/solbonaerense.com.ar\/index.php\/2026\/03\/18\/vtv-la-provincia-no-adherira-a-los-cambios-impulsados-por-nacion-y-mantendra-el-sistema-actual\/#article","isPartOf":{"@id":"https:\/\/solbonaerense.com.ar\/index.php\/2026\/03\/18\/vtv-la-provincia-no-adherira-a-los-cambios-impulsados-por-nacion-y-mantendra-el-sistema-actual\/"},"author":{"name":"ale germ","@id":"https:\/\/solbonaerense.com.ar\/#\/schema\/person\/94c62f4c1fd79afdcf0a2a72f4c596a5"},"headline":"VTV: la Provincia no adherir\u00e1 a los cambios impulsados por Naci\u00f3n y mantendr\u00e1 el sistema actual","datePublished":"2026-03-18T15:18:31+00:00","dateModified":"2026-03-18T15:19:34+00:00","mainEntityOfPage":{"@id":"https:\/\/solbonaerense.com.ar\/index.php\/2026\/03\/18\/vtv-la-provincia-no-adherira-a-los-cambios-impulsados-por-nacion-y-mantendra-el-sistema-actual\/"},"wordCount":229,"commentCount":0,"publisher":{"@id":"https:\/\/solbonaerense.com.ar\/#organization"},"image":{"@id":"https:\/\/solbonaerense.com.ar\/index.php\/2026\/03\/18\/vtv-la-provincia-no-adherira-a-los-cambios-impulsados-por-nacion-y-mantendra-el-sistema-actual\/#primaryimage"},"thumbnailUrl":"https:\/\/solbonaerense.com.ar\/wp-content\/uploads\/2026\/03\/VTV-1.jpg","articleSection":["Econom\u00eda"],"inLanguage":"es-AR","potentialAction":[{"@type":"CommentAction","name":"Comment","target":["https:\/\/solbonaerense.com.ar\/index.php\/2026\/03\/18\/vtv-la-provincia-no-adherira-a-los-cambios-impulsados-por-nacion-y-mantendra-el-sistema-actual\/#respond"]}]},{"@type":"WebPage","@id":"https:\/\/solbonaerense.com.ar\/index.php\/2026\/03\/18\/vtv-la-provincia-no-adherira-a-los-cambios-impulsados-por-nacion-y-mantendra-el-sistema-actual\/","url":"https:\/\/solbonaerense.com.ar\/index.php\/2026\/03\/18\/vtv-la-provincia-no-adherira-a-los-cambios-impulsados-por-nacion-y-mantendra-el-sistema-actual\/","name":"VTV: la Provincia no adherir\u00e1 a los cambios impulsados por Naci\u00f3n y mantendr\u00e1 el sistema actual - sol boanerense","isPartOf":{"@id":"https:\/\/solbonaerense.com.ar\/#website"},"primaryImageOfPage":{"@id":"https:\/\/solbonaerense.com.ar\/index.php\/2026\/03\/18\/vtv-la-provincia-no-adherira-a-los-cambios-impulsados-por-nacion-y-mantendra-el-sistema-actual\/#primaryimage"},"image":{"@id":"https:\/\/solbonaerense.com.ar\/index.php\/2026\/03\/18\/vtv-la-provincia-no-adherira-a-los-cambios-impulsados-por-nacion-y-mantendra-el-sistema-actual\/#primaryimage"},"thumbnailUrl":"https:\/\/solbonaerense.com.ar\/wp-content\/uploads\/2026\/03\/VTV-1.jpg","datePublished":"2026-03-18T15:18:31+00:00","dateModified":"2026-03-18T15:19:34+00:00","description":"La administraci\u00f3n bonaerense confirm\u00f3 que seguir\u00e1 con el esquema vigente de verificaci\u00f3n vehicular y rechaz\u00f3 las modificaciones impulsadas por el Gobierno nacional, que buscaban flexibilizar controles y ampliar prestadores.","breadcrumb":{"@id":"https:\/\/solbonaerense.com.ar\/index.php\/2026\/03\/18\/vtv-la-provincia-no-adherira-a-los-cambios-impulsados-por-nacion-y-mantendra-el-sistema-actual\/#breadcrumb"},"inLanguage":"es-AR","potentialAction":[{"@type":"ReadAction","target":["https:\/\/solbonaerense.com.ar\/index.php\/2026\/03\/18\/vtv-la-provincia-no-adherira-a-los-cambios-impulsados-por-nacion-y-mantendra-el-sistema-actual\/"]}]},{"@type":"ImageObject","inLanguage":"es-AR","@id":"https:\/\/solbonaerense.com.ar\/index.php\/2026\/03\/18\/vtv-la-provincia-no-adherira-a-los-cambios-impulsados-por-nacion-y-mantendra-el-sistema-actual\/#primaryimage","url":"https:\/\/solbonaerense.com.ar\/wp-content\/uploads\/2026\/03\/VTV-1.jpg","contentUrl":"https:\/\/solbonaerense.com.ar\/wp-content\/uploads\/2026\/03\/VTV-1.jpg","width":511,"height":286},{"@type":"BreadcrumbList","@id":"https:\/\/solbonaerense.com.ar\/index.php\/2026\/03\/18\/vtv-la-provincia-no-adherira-a-los-cambios-impulsados-por-nacion-y-mantendra-el-sistema-actual\/#breadcrumb","itemListElement":[{"@type":"ListItem","position":1,"name":"Inicio","item":"https:\/\/solbonaerense.com.ar\/"},{"@type":"ListItem","position":2,"name":"VTV: la Provincia no adherir\u00e1 a los cambios impulsados por Naci\u00f3n y mantendr\u00e1 el sistema actual"}]},{"@type":"WebSite","@id":"https:\/\/solbonaerense.com.ar\/#website","url":"https:\/\/solbonaerense.com.ar\/","name":"El Sol bonaerense","description":"","publisher":{"@id":"https:\/\/solbonaerense.com.ar\/#organization"},"alternateName":"Sol bonaerense","potentialAction":[{"@type":"SearchAction","target":{"@type":"EntryPoint","urlTemplate":"https:\/\/solbonaerense.com.ar\/?s={search_term_string}"},"query-input":{"@type":"PropertyValueSpecification","valueRequired":true,"valueName":"search_term_string"}}],"inLanguage":"es-AR"},{"@type":"Organization","@id":"https:\/\/solbonaerense.com.ar\/#organization","name":"El Sol bonaerense","alternateName":"El Sol bonaerense","url":"https:\/\/solbonaerense.com.ar\/","logo":{"@type":"ImageObject","inLanguage":"es-AR","@id":"https:\/\/solbonaerense.com.ar\/#\/schema\/logo\/image\/","url":"https:\/\/solbonaerense.com.ar\/wp-content\/uploads\/2025\/06\/cropped-el-sol-boanerense-ico-1.png","contentUrl":"https:\/\/solbonaerense.com.ar\/wp-content\/uploads\/2025\/06\/cropped-el-sol-boanerense-ico-1.png","width":512,"height":512,"caption":"El Sol bonaerense"},"image":{"@id":"https:\/\/solbonaerense.com.ar\/#\/schema\/logo\/image\/"},"sameAs":["https:\/\/www.facebook.com\/profile.php?id=61576291889006","https:\/\/x.com\/solbonaerense","https:\/\/www.instagram.com\/solbonaerense\/"]},{"@type":"Person","@id":"https:\/\/solbonaerense.com.ar\/#\/schema\/person\/94c62f4c1fd79afdcf0a2a72f4c596a5","name":"ale germ","image":{"@type":"ImageObject","inLanguage":"es-AR","@id":"https:\/\/solbonaerense.com.ar\/#\/schema\/person\/image\/23eab9373cb14c272e88250e613c01ee","url":"https:\/\/secure.gravatar.com\/avatar\/de154b589a40f49bf66e0c78cadf5e38901548f7e9cd217174c4587da34e3aec?s=96&d=mm&r=g","contentUrl":"https:\/\/secure.gravatar.com\/avatar\/de154b589a40f49bf66e0c78cadf5e38901548f7e9cd217174c4587da34e3aec?s=96&d=mm&r=g","caption":"ale germ"}}]}},"_links":{"self":[{"href":"https:\/\/solbonaerense.com.ar\/index.php\/wp-json\/wp\/v2\/posts\/1181","targetHints":{"allow":["GET"]}}],"collection":[{"href":"https:\/\/solbonaerense.com.ar\/index.php\/wp-json\/wp\/v2\/posts"}],"about":[{"href":"https:\/\/solbonaerense.com.ar\/index.php\/wp-json\/wp\/v2\/types\/post"}],"author":[{"embeddable":true,"href":"https:\/\/solbonaerense.com.ar\/index.php\/wp-json\/wp\/v2\/users\/3"}],"replies":[{"embeddable":true,"href":"https:\/\/solbonaerense.com.ar\/index.php\/wp-json\/wp\/v2\/comments?post=1181"}],"version-history":[{"count":1,"href":"https:\/\/solbonaerense.com.ar\/index.php\/wp-json\/wp\/v2\/posts\/1181\/revisions"}],"predecessor-version":[{"id":1183,"href":"https:\/\/solbonaerense.com.ar\/index.php\/wp-json\/wp\/v2\/posts\/1181\/revisions\/1183"}],"wp:featuredmedia":[{"embeddable":true,"href":"https:\/\/solbonaerense.com.ar\/index.php\/wp-json\/wp\/v2\/media\/1184"}],"wp:attachment":[{"href":"https:\/\/solbonaerense.com.ar\/index.php\/wp-json\/wp\/v2\/media?parent=1181"}],"wp:term":[{"taxonomy":"category","embeddable":true,"href":"https:\/\/solbonaerense.com.ar\/index.php\/wp-json\/wp\/v2\/categories?post=1181"},{"taxonomy":"post_tag","embeddable":true,"href":"https:\/\/solbonaerense.com.ar\/index.php\/wp-json\/wp\/v2\/tags?post=1181"},{"taxonomy":"author","embeddable":true,"href":"https:\/\/solbonaerense.com.ar\/index.php\/wp-json\/wp\/v2\/coauthors?post=1181"}],"curies":[{"name":"wp","href":"https:\/\/api.w.org\/{rel}","templated":true}]}}