{"id":1165,"date":"2026-03-10T20:46:22","date_gmt":"2026-03-10T23:46:22","guid":{"rendered":"https:\/\/solbonaerense.com.ar\/?p=1165"},"modified":"2026-03-13T17:56:39","modified_gmt":"2026-03-13T20:56:39","slug":"moron-el-municipio-gestiono-la-reapertura-del-frigorifico-san-roque","status":"publish","type":"post","link":"https:\/\/solbonaerense.com.ar\/index.php\/2026\/03\/10\/moron-el-municipio-gestiono-la-reapertura-del-frigorifico-san-roque\/","title":{"rendered":"Mor\u00f3n: el municipio gestion\u00f3 la reapertura del frigor\u00edfico San Roque"},"content":{"rendered":"\n<p><em>Luego de semanas de incertidumbre por el cierre del hist\u00f3rico establecimiento, el municipio y el gobierno bonaerense alcanzaron un acuerdo con la empresa y los trabajadores para reactivar la planta y sostener las fuentes laborales.<\/em><\/p>\n\n\n\n<p>El frigor\u00edfico Ganadera San Roque, ubicado en Mor\u00f3n, reabrir\u00e1 sus puertas luego de una negociaci\u00f3n impulsada por el municipio y el Gobierno de la Provincia de Buenos Aires que permiti\u00f3 preservar m\u00e1s de 140 puestos de trabajo. El acuerdo se alcanz\u00f3 tras varias semanas de conflicto luego del anuncio de cierre y el env\u00edo de telegramas de despido a los trabajadores.&nbsp;<\/p>\n\n\n\n<p>La intervenci\u00f3n incluy\u00f3 una mesa de di\u00e1logo entre la empresa, el sindicato y representantes del Estado provincial y municipal. Las gestiones buscaron evitar la paralizaci\u00f3n definitiva de la planta, una empresa con m\u00e1s de dos d\u00e9cadas de actividad en el distrito y un actor relevante dentro del entramado productivo local.&nbsp;<\/p>\n\n\n\n<p>Desde la Provincia se\u00f1alaron que el entendimiento permitir\u00e1 sostener la actividad industrial y garantizar la continuidad laboral de los trabajadores afectados por la crisis que atravesaba la firma. Seg\u00fan se inform\u00f3, el conflicto se hab\u00eda originado por una fuerte ca\u00edda en las ventas y en el consumo interno de carne, que la empresa estim\u00f3 en torno al 35%.&nbsp;<\/p>\n\n\n\n<p>El intendente Lucas Ghi destac\u00f3 el acuerdo alcanzado y remarc\u00f3 que la reapertura del frigor\u00edfico permitir\u00e1 sostener la actividad econ\u00f3mica en la ciudad y brindar previsibilidad a las familias que dependen de la planta. Desde el municipio se\u00f1alaron que continuar\u00e1n acompa\u00f1ando a las industrias locales con el objetivo de preservar el empleo y la producci\u00f3n en el distrito.&nbsp;<\/p>\n","protected":false},"excerpt":{"rendered":"<p>Luego de semanas de incertidumbre por el cierre del hist\u00f3rico establecimiento, el municipio y el gobierno bonaerense alcanzaron un acuerdo con la empresa y los trabajadores para reactivar la planta y sostener las fuentes laborales. El frigor\u00edfico Ganadera San Roque, ubicado en Mor\u00f3n, reabrir\u00e1 sus puertas luego de una negociaci\u00f3n impulsada por el municipio y [&hellip;]<\/p>\n","protected":false},"author":3,"featured_media":1166,"comment_status":"open","ping_status":"open","sticky":false,"template":"","format":"standard","meta":{"_acf_changed":false,"footnotes":""},"categories":[4],"tags":[306,345,228,68,305],"coauthors":[11],"class_list":["post-1165","post","type-post","status-publish","format-standard","has-post-thumbnail","hentry","category-economia","tag-empleo","tag-frigorifico","tag-ghi","tag-moron","tag-trabajo"],"acf":[],"yoast_head":"<!-- This site is optimized with the Yoast SEO plugin v25.3.1 - https:\/\/yoast.com\/wordpress\/plugins\/seo\/ -->\n<title>Mor\u00f3n: el municipio gestion\u00f3 la reapertura del frigor\u00edfico San Roque - sol boanerense<\/title>\n<meta name=\"robots\" content=\"index, follow, max-snippet:-1, max-image-preview:large, max-video-preview:-1\" \/>\n<link rel=\"canonical\" href=\"https:\/\/solbonaerense.com.ar\/index.php\/2026\/03\/10\/moron-el-municipio-gestiono-la-reapertura-del-frigorifico-san-roque\/\" \/>\n<meta property=\"og:locale\" content=\"es_ES\" \/>\n<meta property=\"og:type\" content=\"article\" \/>\n<meta property=\"og:title\" content=\"Mor\u00f3n: el municipio gestion\u00f3 la reapertura del frigor\u00edfico San Roque - sol boanerense\" \/>\n<meta property=\"og:description\" content=\"Luego de semanas de incertidumbre por el cierre del hist\u00f3rico establecimiento, el municipio y el gobierno bonaerense alcanzaron un acuerdo con la empresa y los trabajadores para reactivar la planta y sostener las fuentes laborales. El frigor\u00edfico Ganadera San Roque, ubicado en Mor\u00f3n, reabrir\u00e1 sus puertas luego de una negociaci\u00f3n impulsada por el municipio y [&hellip;]\" \/>\n<meta property=\"og:url\" content=\"https:\/\/solbonaerense.com.ar\/index.php\/2026\/03\/10\/moron-el-municipio-gestiono-la-reapertura-del-frigorifico-san-roque\/\" \/>\n<meta property=\"og:site_name\" content=\"sol boanerense\" \/>\n<meta property=\"article:publisher\" content=\"https:\/\/www.facebook.com\/profile.php?id=61576291889006\" \/>\n<meta property=\"article:published_time\" content=\"2026-03-10T23:46:22+00:00\" \/>\n<meta property=\"article:modified_time\" content=\"2026-03-13T20:56:39+00:00\" \/>\n<meta property=\"og:image\" content=\"https:\/\/solbonaerense.com.ar\/wp-content\/uploads\/2026\/03\/IMG_9039.jpeg\" \/>\n\t<meta property=\"og:image:width\" content=\"726\" \/>\n\t<meta property=\"og:image:height\" content=\"426\" \/>\n\t<meta property=\"og:image:type\" content=\"image\/jpeg\" \/>\n<meta name=\"author\" content=\"ale germ\" \/>\n<meta name=\"twitter:card\" content=\"summary_large_image\" \/>\n<meta name=\"twitter:creator\" content=\"@solbonaerense\" \/>\n<meta name=\"twitter:site\" content=\"@solbonaerense\" \/>\n<meta name=\"twitter:label1\" content=\"Escrito por\" \/>\n\t<meta name=\"twitter:data1\" content=\"ale germ\" \/>\n\t<meta name=\"twitter:label2\" content=\"Tiempo de lectura\" \/>\n\t<meta name=\"twitter:data2\" content=\"2 minutos\" \/>\n\t<meta name=\"twitter:label3\" content=\"Written by\" \/>\n\t<meta name=\"twitter:data3\" content=\"ale germ\" \/>\n<script type=\"application\/ld+json\" class=\"yoast-schema-graph\">{\"@context\":\"https:\/\/schema.org\",\"@graph\":[{\"@type\":\"Article\",\"@id\":\"https:\/\/solbonaerense.com.ar\/index.php\/2026\/03\/10\/moron-el-municipio-gestiono-la-reapertura-del-frigorifico-san-roque\/#article\",\"isPartOf\":{\"@id\":\"https:\/\/solbonaerense.com.ar\/index.php\/2026\/03\/10\/moron-el-municipio-gestiono-la-reapertura-del-frigorifico-san-roque\/\"},\"author\":{\"name\":\"ale germ\",\"@id\":\"https:\/\/solbonaerense.com.ar\/#\/schema\/person\/94c62f4c1fd79afdcf0a2a72f4c596a5\"},\"headline\":\"Mor\u00f3n: el municipio gestion\u00f3 la reapertura del frigor\u00edfico San Roque\",\"datePublished\":\"2026-03-10T23:46:22+00:00\",\"dateModified\":\"2026-03-13T20:56:39+00:00\",\"mainEntityOfPage\":{\"@id\":\"https:\/\/solbonaerense.com.ar\/index.php\/2026\/03\/10\/moron-el-municipio-gestiono-la-reapertura-del-frigorifico-san-roque\/\"},\"wordCount\":297,\"commentCount\":0,\"publisher\":{\"@id\":\"https:\/\/solbonaerense.com.ar\/#organization\"},\"image\":{\"@id\":\"https:\/\/solbonaerense.com.ar\/index.php\/2026\/03\/10\/moron-el-municipio-gestiono-la-reapertura-del-frigorifico-san-roque\/#primaryimage\"},\"thumbnailUrl\":\"https:\/\/solbonaerense.com.ar\/wp-content\/uploads\/2026\/03\/IMG_9039.jpeg\",\"keywords\":[\"empleo\",\"frigor\u00edfico\",\"ghi\",\"mor\u00f3n\",\"trabajo\"],\"articleSection\":[\"Econom\u00eda\"],\"inLanguage\":\"es-AR\",\"potentialAction\":[{\"@type\":\"CommentAction\",\"name\":\"Comment\",\"target\":[\"https:\/\/solbonaerense.com.ar\/index.php\/2026\/03\/10\/moron-el-municipio-gestiono-la-reapertura-del-frigorifico-san-roque\/#respond\"]}]},{\"@type\":\"WebPage\",\"@id\":\"https:\/\/solbonaerense.com.ar\/index.php\/2026\/03\/10\/moron-el-municipio-gestiono-la-reapertura-del-frigorifico-san-roque\/\",\"url\":\"https:\/\/solbonaerense.com.ar\/index.php\/2026\/03\/10\/moron-el-municipio-gestiono-la-reapertura-del-frigorifico-san-roque\/\",\"name\":\"Mor\u00f3n: el municipio gestion\u00f3 la reapertura del frigor\u00edfico San Roque - sol boanerense\",\"isPartOf\":{\"@id\":\"https:\/\/solbonaerense.com.ar\/#website\"},\"primaryImageOfPage\":{\"@id\":\"https:\/\/solbonaerense.com.ar\/index.php\/2026\/03\/10\/moron-el-municipio-gestiono-la-reapertura-del-frigorifico-san-roque\/#primaryimage\"},\"image\":{\"@id\":\"https:\/\/solbonaerense.com.ar\/index.php\/2026\/03\/10\/moron-el-municipio-gestiono-la-reapertura-del-frigorifico-san-roque\/#primaryimage\"},\"thumbnailUrl\":\"https:\/\/solbonaerense.com.ar\/wp-content\/uploads\/2026\/03\/IMG_9039.jpeg\",\"datePublished\":\"2026-03-10T23:46:22+00:00\",\"dateModified\":\"2026-03-13T20:56:39+00:00\",\"breadcrumb\":{\"@id\":\"https:\/\/solbonaerense.com.ar\/index.php\/2026\/03\/10\/moron-el-municipio-gestiono-la-reapertura-del-frigorifico-san-roque\/#breadcrumb\"},\"inLanguage\":\"es-AR\",\"potentialAction\":[{\"@type\":\"ReadAction\",\"target\":[\"https:\/\/solbonaerense.com.ar\/index.php\/2026\/03\/10\/moron-el-municipio-gestiono-la-reapertura-del-frigorifico-san-roque\/\"]}]},{\"@type\":\"ImageObject\",\"inLanguage\":\"es-AR\",\"@id\":\"https:\/\/solbonaerense.com.ar\/index.php\/2026\/03\/10\/moron-el-municipio-gestiono-la-reapertura-del-frigorifico-san-roque\/#primaryimage\",\"url\":\"https:\/\/solbonaerense.com.ar\/wp-content\/uploads\/2026\/03\/IMG_9039.jpeg\",\"contentUrl\":\"https:\/\/solbonaerense.com.ar\/wp-content\/uploads\/2026\/03\/IMG_9039.jpeg\",\"width\":726,\"height\":426},{\"@type\":\"BreadcrumbList\",\"@id\":\"https:\/\/solbonaerense.com.ar\/index.php\/2026\/03\/10\/moron-el-municipio-gestiono-la-reapertura-del-frigorifico-san-roque\/#breadcrumb\",\"itemListElement\":[{\"@type\":\"ListItem\",\"position\":1,\"name\":\"Inicio\",\"item\":\"https:\/\/solbonaerense.com.ar\/\"},{\"@type\":\"ListItem\",\"position\":2,\"name\":\"Mor\u00f3n: el municipio gestion\u00f3 la reapertura del frigor\u00edfico San Roque\"}]},{\"@type\":\"WebSite\",\"@id\":\"https:\/\/solbonaerense.com.ar\/#website\",\"url\":\"https:\/\/solbonaerense.com.ar\/\",\"name\":\"El Sol bonaerense\",\"description\":\"\",\"publisher\":{\"@id\":\"https:\/\/solbonaerense.com.ar\/#organization\"},\"alternateName\":\"Sol bonaerense\",\"potentialAction\":[{\"@type\":\"SearchAction\",\"target\":{\"@type\":\"EntryPoint\",\"urlTemplate\":\"https:\/\/solbonaerense.com.ar\/?s={search_term_string}\"},\"query-input\":{\"@type\":\"PropertyValueSpecification\",\"valueRequired\":true,\"valueName\":\"search_term_string\"}}],\"inLanguage\":\"es-AR\"},{\"@type\":\"Organization\",\"@id\":\"https:\/\/solbonaerense.com.ar\/#organization\",\"name\":\"El Sol bonaerense\",\"alternateName\":\"El Sol bonaerense\",\"url\":\"https:\/\/solbonaerense.com.ar\/\",\"logo\":{\"@type\":\"ImageObject\",\"inLanguage\":\"es-AR\",\"@id\":\"https:\/\/solbonaerense.com.ar\/#\/schema\/logo\/image\/\",\"url\":\"https:\/\/solbonaerense.com.ar\/wp-content\/uploads\/2025\/06\/cropped-el-sol-boanerense-ico-1.png\",\"contentUrl\":\"https:\/\/solbonaerense.com.ar\/wp-content\/uploads\/2025\/06\/cropped-el-sol-boanerense-ico-1.png\",\"width\":512,\"height\":512,\"caption\":\"El Sol bonaerense\"},\"image\":{\"@id\":\"https:\/\/solbonaerense.com.ar\/#\/schema\/logo\/image\/\"},\"sameAs\":[\"https:\/\/www.facebook.com\/profile.php?id=61576291889006\",\"https:\/\/x.com\/solbonaerense\",\"https:\/\/www.instagram.com\/solbonaerense\/\"]},{\"@type\":\"Person\",\"@id\":\"https:\/\/solbonaerense.com.ar\/#\/schema\/person\/94c62f4c1fd79afdcf0a2a72f4c596a5\",\"name\":\"ale germ\",\"image\":{\"@type\":\"ImageObject\",\"inLanguage\":\"es-AR\",\"@id\":\"https:\/\/solbonaerense.com.ar\/#\/schema\/person\/image\/23eab9373cb14c272e88250e613c01ee\",\"url\":\"https:\/\/secure.gravatar.com\/avatar\/de154b589a40f49bf66e0c78cadf5e38901548f7e9cd217174c4587da34e3aec?s=96&d=mm&r=g\",\"contentUrl\":\"https:\/\/secure.gravatar.com\/avatar\/de154b589a40f49bf66e0c78cadf5e38901548f7e9cd217174c4587da34e3aec?s=96&d=mm&r=g\",\"caption\":\"ale germ\"}}]}<\/script>\n<!-- \/ Yoast SEO plugin. -->","yoast_head_json":{"title":"Mor\u00f3n: el municipio gestion\u00f3 la reapertura del frigor\u00edfico San Roque - sol boanerense","robots":{"index":"index","follow":"follow","max-snippet":"max-snippet:-1","max-image-preview":"max-image-preview:large","max-video-preview":"max-video-preview:-1"},"canonical":"https:\/\/solbonaerense.com.ar\/index.php\/2026\/03\/10\/moron-el-municipio-gestiono-la-reapertura-del-frigorifico-san-roque\/","og_locale":"es_ES","og_type":"article","og_title":"Mor\u00f3n: el municipio gestion\u00f3 la reapertura del frigor\u00edfico San Roque - sol boanerense","og_description":"Luego de semanas de incertidumbre por el cierre del hist\u00f3rico establecimiento, el municipio y el gobierno bonaerense alcanzaron un acuerdo con la empresa y los trabajadores para reactivar la planta y sostener las fuentes laborales. El frigor\u00edfico Ganadera San Roque, ubicado en Mor\u00f3n, reabrir\u00e1 sus puertas luego de una negociaci\u00f3n impulsada por el municipio y [&hellip;]","og_url":"https:\/\/solbonaerense.com.ar\/index.php\/2026\/03\/10\/moron-el-municipio-gestiono-la-reapertura-del-frigorifico-san-roque\/","og_site_name":"sol boanerense","article_publisher":"https:\/\/www.facebook.com\/profile.php?id=61576291889006","article_published_time":"2026-03-10T23:46:22+00:00","article_modified_time":"2026-03-13T20:56:39+00:00","og_image":[{"width":726,"height":426,"url":"https:\/\/solbonaerense.com.ar\/wp-content\/uploads\/2026\/03\/IMG_9039.jpeg","type":"image\/jpeg"}],"author":"ale germ","twitter_card":"summary_large_image","twitter_creator":"@solbonaerense","twitter_site":"@solbonaerense","twitter_misc":{"Escrito por":"ale germ","Tiempo de lectura":"2 minutos","Written by":"ale germ"},"schema":{"@context":"https:\/\/schema.org","@graph":[{"@type":"Article","@id":"https:\/\/solbonaerense.com.ar\/index.php\/2026\/03\/10\/moron-el-municipio-gestiono-la-reapertura-del-frigorifico-san-roque\/#article","isPartOf":{"@id":"https:\/\/solbonaerense.com.ar\/index.php\/2026\/03\/10\/moron-el-municipio-gestiono-la-reapertura-del-frigorifico-san-roque\/"},"author":{"name":"ale germ","@id":"https:\/\/solbonaerense.com.ar\/#\/schema\/person\/94c62f4c1fd79afdcf0a2a72f4c596a5"},"headline":"Mor\u00f3n: el municipio gestion\u00f3 la reapertura del frigor\u00edfico San Roque","datePublished":"2026-03-10T23:46:22+00:00","dateModified":"2026-03-13T20:56:39+00:00","mainEntityOfPage":{"@id":"https:\/\/solbonaerense.com.ar\/index.php\/2026\/03\/10\/moron-el-municipio-gestiono-la-reapertura-del-frigorifico-san-roque\/"},"wordCount":297,"commentCount":0,"publisher":{"@id":"https:\/\/solbonaerense.com.ar\/#organization"},"image":{"@id":"https:\/\/solbonaerense.com.ar\/index.php\/2026\/03\/10\/moron-el-municipio-gestiono-la-reapertura-del-frigorifico-san-roque\/#primaryimage"},"thumbnailUrl":"https:\/\/solbonaerense.com.ar\/wp-content\/uploads\/2026\/03\/IMG_9039.jpeg","keywords":["empleo","frigor\u00edfico","ghi","mor\u00f3n","trabajo"],"articleSection":["Econom\u00eda"],"inLanguage":"es-AR","potentialAction":[{"@type":"CommentAction","name":"Comment","target":["https:\/\/solbonaerense.com.ar\/index.php\/2026\/03\/10\/moron-el-municipio-gestiono-la-reapertura-del-frigorifico-san-roque\/#respond"]}]},{"@type":"WebPage","@id":"https:\/\/solbonaerense.com.ar\/index.php\/2026\/03\/10\/moron-el-municipio-gestiono-la-reapertura-del-frigorifico-san-roque\/","url":"https:\/\/solbonaerense.com.ar\/index.php\/2026\/03\/10\/moron-el-municipio-gestiono-la-reapertura-del-frigorifico-san-roque\/","name":"Mor\u00f3n: el municipio gestion\u00f3 la reapertura del frigor\u00edfico San Roque - sol boanerense","isPartOf":{"@id":"https:\/\/solbonaerense.com.ar\/#website"},"primaryImageOfPage":{"@id":"https:\/\/solbonaerense.com.ar\/index.php\/2026\/03\/10\/moron-el-municipio-gestiono-la-reapertura-del-frigorifico-san-roque\/#primaryimage"},"image":{"@id":"https:\/\/solbonaerense.com.ar\/index.php\/2026\/03\/10\/moron-el-municipio-gestiono-la-reapertura-del-frigorifico-san-roque\/#primaryimage"},"thumbnailUrl":"https:\/\/solbonaerense.com.ar\/wp-content\/uploads\/2026\/03\/IMG_9039.jpeg","datePublished":"2026-03-10T23:46:22+00:00","dateModified":"2026-03-13T20:56:39+00:00","breadcrumb":{"@id":"https:\/\/solbonaerense.com.ar\/index.php\/2026\/03\/10\/moron-el-municipio-gestiono-la-reapertura-del-frigorifico-san-roque\/#breadcrumb"},"inLanguage":"es-AR","potentialAction":[{"@type":"ReadAction","target":["https:\/\/solbonaerense.com.ar\/index.php\/2026\/03\/10\/moron-el-municipio-gestiono-la-reapertura-del-frigorifico-san-roque\/"]}]},{"@type":"ImageObject","inLanguage":"es-AR","@id":"https:\/\/solbonaerense.com.ar\/index.php\/2026\/03\/10\/moron-el-municipio-gestiono-la-reapertura-del-frigorifico-san-roque\/#primaryimage","url":"https:\/\/solbonaerense.com.ar\/wp-content\/uploads\/2026\/03\/IMG_9039.jpeg","contentUrl":"https:\/\/solbonaerense.com.ar\/wp-content\/uploads\/2026\/03\/IMG_9039.jpeg","width":726,"height":426},{"@type":"BreadcrumbList","@id":"https:\/\/solbonaerense.com.ar\/index.php\/2026\/03\/10\/moron-el-municipio-gestiono-la-reapertura-del-frigorifico-san-roque\/#breadcrumb","itemListElement":[{"@type":"ListItem","position":1,"name":"Inicio","item":"https:\/\/solbonaerense.com.ar\/"},{"@type":"ListItem","position":2,"name":"Mor\u00f3n: el municipio gestion\u00f3 la reapertura del frigor\u00edfico San Roque"}]},{"@type":"WebSite","@id":"https:\/\/solbonaerense.com.ar\/#website","url":"https:\/\/solbonaerense.com.ar\/","name":"El Sol bonaerense","description":"","publisher":{"@id":"https:\/\/solbonaerense.com.ar\/#organization"},"alternateName":"Sol bonaerense","potentialAction":[{"@type":"SearchAction","target":{"@type":"EntryPoint","urlTemplate":"https:\/\/solbonaerense.com.ar\/?s={search_term_string}"},"query-input":{"@type":"PropertyValueSpecification","valueRequired":true,"valueName":"search_term_string"}}],"inLanguage":"es-AR"},{"@type":"Organization","@id":"https:\/\/solbonaerense.com.ar\/#organization","name":"El Sol bonaerense","alternateName":"El Sol bonaerense","url":"https:\/\/solbonaerense.com.ar\/","logo":{"@type":"ImageObject","inLanguage":"es-AR","@id":"https:\/\/solbonaerense.com.ar\/#\/schema\/logo\/image\/","url":"https:\/\/solbonaerense.com.ar\/wp-content\/uploads\/2025\/06\/cropped-el-sol-boanerense-ico-1.png","contentUrl":"https:\/\/solbonaerense.com.ar\/wp-content\/uploads\/2025\/06\/cropped-el-sol-boanerense-ico-1.png","width":512,"height":512,"caption":"El Sol bonaerense"},"image":{"@id":"https:\/\/solbonaerense.com.ar\/#\/schema\/logo\/image\/"},"sameAs":["https:\/\/www.facebook.com\/profile.php?id=61576291889006","https:\/\/x.com\/solbonaerense","https:\/\/www.instagram.com\/solbonaerense\/"]},{"@type":"Person","@id":"https:\/\/solbonaerense.com.ar\/#\/schema\/person\/94c62f4c1fd79afdcf0a2a72f4c596a5","name":"ale germ","image":{"@type":"ImageObject","inLanguage":"es-AR","@id":"https:\/\/solbonaerense.com.ar\/#\/schema\/person\/image\/23eab9373cb14c272e88250e613c01ee","url":"https:\/\/secure.gravatar.com\/avatar\/de154b589a40f49bf66e0c78cadf5e38901548f7e9cd217174c4587da34e3aec?s=96&d=mm&r=g","contentUrl":"https:\/\/secure.gravatar.com\/avatar\/de154b589a40f49bf66e0c78cadf5e38901548f7e9cd217174c4587da34e3aec?s=96&d=mm&r=g","caption":"ale germ"}}]}},"_links":{"self":[{"href":"https:\/\/solbonaerense.com.ar\/index.php\/wp-json\/wp\/v2\/posts\/1165","targetHints":{"allow":["GET"]}}],"collection":[{"href":"https:\/\/solbonaerense.com.ar\/index.php\/wp-json\/wp\/v2\/posts"}],"about":[{"href":"https:\/\/solbonaerense.com.ar\/index.php\/wp-json\/wp\/v2\/types\/post"}],"author":[{"embeddable":true,"href":"https:\/\/solbonaerense.com.ar\/index.php\/wp-json\/wp\/v2\/users\/3"}],"replies":[{"embeddable":true,"href":"https:\/\/solbonaerense.com.ar\/index.php\/wp-json\/wp\/v2\/comments?post=1165"}],"version-history":[{"count":1,"href":"https:\/\/solbonaerense.com.ar\/index.php\/wp-json\/wp\/v2\/posts\/1165\/revisions"}],"predecessor-version":[{"id":1167,"href":"https:\/\/solbonaerense.com.ar\/index.php\/wp-json\/wp\/v2\/posts\/1165\/revisions\/1167"}],"wp:featuredmedia":[{"embeddable":true,"href":"https:\/\/solbonaerense.com.ar\/index.php\/wp-json\/wp\/v2\/media\/1166"}],"wp:attachment":[{"href":"https:\/\/solbonaerense.com.ar\/index.php\/wp-json\/wp\/v2\/media?parent=1165"}],"wp:term":[{"taxonomy":"category","embeddable":true,"href":"https:\/\/solbonaerense.com.ar\/index.php\/wp-json\/wp\/v2\/categories?post=1165"},{"taxonomy":"post_tag","embeddable":true,"href":"https:\/\/solbonaerense.com.ar\/index.php\/wp-json\/wp\/v2\/tags?post=1165"},{"taxonomy":"author","embeddable":true,"href":"https:\/\/solbonaerense.com.ar\/index.php\/wp-json\/wp\/v2\/coauthors?post=1165"}],"curies":[{"name":"wp","href":"https:\/\/api.w.org\/{rel}","templated":true}]}}